{"id":42,"date":"2013-01-04T14:53:22","date_gmt":"2013-01-04T13:53:22","guid":{"rendered":"http:\/\/www.francois-fiore.fr\/portfolio\/?p=42"},"modified":"2013-06-12T20:21:03","modified_gmt":"2013-06-12T19:21:03","slug":"projet-ppe-cybernet","status":"publish","type":"post","link":"https:\/\/www.francois-fiore.fr\/?p=42","title":{"rendered":"Projet PPE Cybernet"},"content":{"rendered":"<p>Dans le cadre des projets personnels encadr\u00e9s (PPE) de 1er ann\u00e9e du BTS SIO, j&rsquo;ai r\u00e9alis\u00e9 avec un groupe compos\u00e9 de 4 personnes le site internet d&rsquo;un Cybercaf\u00e9 fictif.<\/p>\n<p>D&rsquo;une dur\u00e9e de 4H par semaines durant 1 semestre la r\u00e9alisation de ce projet m&rsquo;a permis d&rsquo;assimiler certaines bases en programmation PHP, MYSQL, CSS.<\/p>\n<p><a title=\"Voir le site\" href=\"http:\/\/tls8200.free.fr\/\" target=\"_blank\">Voir le site<\/a><\/p>\n<p>&nbsp;<\/p>\n","protected":false},"excerpt":{"rendered":"<p>Dans le cadre des projets personnels encadr\u00e9s (PPE) de 1er ann\u00e9e du BTS SIO, j&rsquo;ai r\u00e9alis\u00e9 avec un groupe compos\u00e9 de 4 personnes le site internet d&rsquo;un Cybercaf\u00e9 fictif. D&rsquo;une dur\u00e9e de 4H par semaines durant 1 semestre la r\u00e9alisation de ce projet m&rsquo;a permis d&rsquo;assimiler certaines bases en programmation \u2026 <a class=\"continue-reading-link\" href=\"https:\/\/www.francois-fiore.fr\/?p=42\"> Continue reading <span class=\"meta-nav\">&rarr; <\/span><\/a><\/p>\n","protected":false},"author":1,"featured_media":0,"comment_status":"open","ping_status":"open","sticky":false,"template":"","format":"standard","meta":{"jetpack_post_was_ever_published":false,"_jetpack_newsletter_access":"","footnotes":""},"categories":[3],"tags":[],"class_list":["post-42","post","type-post","status-publish","format-standard","hentry","category-ppe"],"jetpack_featured_media_url":"","jetpack_shortlink":"https:\/\/wp.me\/p37ob6-G","jetpack_sharing_enabled":true,"jetpack_likes_enabled":true,"jetpack-related-posts":[{"id":509,"url":"https:\/\/www.francois-fiore.fr\/?p=509","url_meta":{"origin":42,"position":0},"title":"Projet PPE VPN site \u00e0 site OpenVPN","author":"fiore","date":"10 juin 2013","format":false,"excerpt":"Dans le cadre des projets personnels encadr\u00e9s (PPE) de 2eme ann\u00e9e du BTS SIO, j\u2019ai r\u00e9aliser avec un\u00a0coll\u00e8gue de classe la cr\u00e9ation d'une connexion VPN site \u00e0 site bas\u00e9 sur 2 routeur PFsense pour la soci\u00e9t\u00e9 Sodecaf (soci\u00e9t\u00e9 fictive) Documents produits: \u00a0Le dossier de test, sch\u00e9ma du r\u00e9seau, cahier des\u2026","rel":"","context":"Dans &quot;PPE&quot;","block_context":{"text":"PPE","link":"https:\/\/www.francois-fiore.fr\/?cat=3"},"img":{"alt_text":"","src":"","width":0,"height":0},"classes":[]},{"id":514,"url":"https:\/\/www.francois-fiore.fr\/?p=514","url_meta":{"origin":42,"position":1},"title":"Projet PPE Installation serveur FOG","author":"fiore","date":"5 janvier 2013","format":false,"excerpt":"Dans le cadre des projets personnels encadr\u00e9s (PPE) de 1er ann\u00e9e du BTS SIO, j\u2019ai r\u00e9aliser avec un groupe compos\u00e9 de 3 personnes, la cr\u00e9ation d'un serveur de\u00a0gestion d'images disques avec FOG Documents produits: Manuel installation FOG Ce projet m\u2019a permis de voir le fonctionnement de FOG, de d\u00e9couvrir la\u2026","rel":"","context":"Dans &quot;PPE&quot;","block_context":{"text":"PPE","link":"https:\/\/www.francois-fiore.fr\/?cat=3"},"img":{"alt_text":"","src":"","width":0,"height":0},"classes":[]},{"id":47,"url":"https:\/\/www.francois-fiore.fr\/?p=47","url_meta":{"origin":42,"position":2},"title":"Projet PPE S\u00e9curisation r\u00e9seau WIFI et authentification RADIUS","author":"fiore","date":"6 janvier 2013","format":false,"excerpt":"Dans le cadre des projets personnels encadr\u00e9s (PPE) de 2eme ann\u00e9e du BTS SIO, j\u2019ai r\u00e9alis\u00e9 avec un\u00a0coll\u00e8gue\u00a0la s\u00e9curisation d'un r\u00e9seau WIFI pour un\u00a0lyc\u00e9e\u00a0avec int\u00e9gration d'un syst\u00e8me d'authentification RADIUS. Documents produits: Sp\u00e9cifications techniques Dossier d'installation Ce projet m'a permis de voir le fonctionnement d'un r\u00e9seau WIFI et\u00a0d\u2019appr\u00e9hender\u00a0le fonctionnement de Windows\u2026","rel":"","context":"Dans &quot;PPE&quot;","block_context":{"text":"PPE","link":"https:\/\/www.francois-fiore.fr\/?cat=3"},"img":{"alt_text":"","src":"","width":0,"height":0},"classes":[]},{"id":44,"url":"https:\/\/www.francois-fiore.fr\/?p=44","url_meta":{"origin":42,"position":3},"title":"Projet PPE installation serveur LAMP","author":"fiore","date":"6 janvier 2013","format":false,"excerpt":"Dans le cadre des projets personnels encadr\u00e9s (PPE) de 1er ann\u00e9e du BTS SIO, j\u2019ai r\u00e9alis\u00e9 seul l'installation d'un serveur LAMP complet pour la soci\u00e9t\u00e9 Otago (soci\u00e9t\u00e9 fictive) Le serveur est une machine virtuelle avec pour syst\u00e8me d'exploitation Ubuntu 10.04LTS, les services Apache Mysql et PHP (LAMP) seront install\u00e9s, un\u2026","rel":"","context":"Dans &quot;PPE&quot;","block_context":{"text":"PPE","link":"https:\/\/www.francois-fiore.fr\/?cat=3"},"img":{"alt_text":"","src":"","width":0,"height":0},"classes":[]},{"id":171,"url":"https:\/\/www.francois-fiore.fr\/?p=171","url_meta":{"origin":42,"position":4},"title":"Activit\u00e9s stage OCDE du 14\/01\/2013","author":"fiore","date":"23 janvier 2013","format":false,"excerpt":"- Pr\u00e9sentation de l'\u00e9quipe et des bureaux - Visite des locaux techniques et des Datacentres. - Pr\u00e9sentation du projet de stage: Netflow - Collecte information\/lecture de documentations sur Netflow. - Brassage de cables. - Modification avec Netviz de l'emplacement d'une baie au datacentre.","rel":"","context":"Dans &quot;Stage OCDE 14\/01\/2013 au 22\/02\/2013&quot;","block_context":{"text":"Stage OCDE 14\/01\/2013 au 22\/02\/2013","link":"https:\/\/www.francois-fiore.fr\/?cat=9"},"img":{"alt_text":"","src":"https:\/\/i0.wp.com\/www.francois-fiore.fr\/portfolio\/wp-content\/uploads\/2013\/01\/photo-2-1-300x225.jpg?resize=350%2C200","width":350,"height":200},"classes":[]},{"id":630,"url":"https:\/\/www.francois-fiore.fr\/?p=630","url_meta":{"origin":42,"position":5},"title":"Acc\u00e8s Internet sur la commune","author":"fiore","date":"21 avril 2015","format":false,"excerpt":"Avec l'aide de l'association Tetaneutral.net, moi m\u00eame et d'autres r\u00e9sidents, nous souhaiterions d\u00e9velopper un r\u00e9seau radio maill\u00e9 sur la commune. (Article en cour de r\u00e9daction) Si vous \u00eates int\u00e9ress\u00e9 par le projet, je met\u00a0\u00e0 votre disposition une ligne de t\u00e9l\u00e9phone fixe, sur laquelle vous pourrez me joindre. Fixe: 0972507992 sans\u2026","rel":"","context":"Dans &quot;Launaguet 3.0 ( penser \u00e0 d\u00e9battre du nom)&quot;","block_context":{"text":"Launaguet 3.0 ( penser \u00e0 d\u00e9battre du nom)","link":"https:\/\/www.francois-fiore.fr\/?cat=12"},"img":{"alt_text":"","src":"","width":0,"height":0},"classes":[]}],"_links":{"self":[{"href":"https:\/\/www.francois-fiore.fr\/index.php?rest_route=\/wp\/v2\/posts\/42","targetHints":{"allow":["GET"]}}],"collection":[{"href":"https:\/\/www.francois-fiore.fr\/index.php?rest_route=\/wp\/v2\/posts"}],"about":[{"href":"https:\/\/www.francois-fiore.fr\/index.php?rest_route=\/wp\/v2\/types\/post"}],"author":[{"embeddable":true,"href":"https:\/\/www.francois-fiore.fr\/index.php?rest_route=\/wp\/v2\/users\/1"}],"replies":[{"embeddable":true,"href":"https:\/\/www.francois-fiore.fr\/index.php?rest_route=%2Fwp%2Fv2%2Fcomments&post=42"}],"version-history":[{"count":5,"href":"https:\/\/www.francois-fiore.fr\/index.php?rest_route=\/wp\/v2\/posts\/42\/revisions"}],"predecessor-version":[{"id":528,"href":"https:\/\/www.francois-fiore.fr\/index.php?rest_route=\/wp\/v2\/posts\/42\/revisions\/528"}],"wp:attachment":[{"href":"https:\/\/www.francois-fiore.fr\/index.php?rest_route=%2Fwp%2Fv2%2Fmedia&parent=42"}],"wp:term":[{"taxonomy":"category","embeddable":true,"href":"https:\/\/www.francois-fiore.fr\/index.php?rest_route=%2Fwp%2Fv2%2Fcategories&post=42"},{"taxonomy":"post_tag","embeddable":true,"href":"https:\/\/www.francois-fiore.fr\/index.php?rest_route=%2Fwp%2Fv2%2Ftags&post=42"}],"curies":[{"name":"wp","href":"https:\/\/api.w.org\/{rel}","templated":true}]}}